{"id":449,"date":"2016-03-20T16:56:55","date_gmt":"2016-03-20T14:56:55","guid":{"rendered":"http:\/\/www.ramsauer.be\/?p=449"},"modified":"2016-03-20T16:56:55","modified_gmt":"2016-03-20T14:56:55","slug":"das-drama-kleinklaeranlage-wuestenstein","status":"publish","type":"post","link":"https:\/\/www.ramsauer.be\/?p=449","title":{"rendered":"Das Drama Kleinkl\u00e4ranlage W\u00fcstenstein"},"content":{"rendered":"<p>Es naht der Tag der Abstimmung. Ein B\u00fcrgerentscheid soll die Querelen um die Einf\u00fchrung einer zentralen Kl\u00e4ranlage in W\u00fcstenstein beenden. Der Streit um die Abwasserl\u00f6sung im kleinen Flecken W\u00fcstenstein schwelt offensichtlich bereits seit Mitte der 90er Jahre und wurde durch zahlreiche Gutachten und Gerichtsentscheide begleitet.<\/p>\n<p>Die Bef\u00fcrworter argumentieren, da\u00df zum einen die F\u00f6rderung von 53,6% der Baukosten durch den Freistaat ohne L\u00f6sung verloren gehen w\u00fcrde und zum anderen, da\u00df eine Sanierung der Oberfl\u00e4chenwasserkan\u00e4le f\u00fcr 1,7 Mio EUR anst\u00fcnde. Die Gegner aus den Reihen der W\u00fcstensteiner B\u00fcrgerschaft zeigen auf, da\u00df die Technik der Kleinkl\u00e4ranlagen typisch f\u00fcr das Gebiet sei und eine effizientere Entw\u00e4sserung in die Aufse\u00df gew\u00e4hrleistet wird. Desweiteren werden von ihrer Seite Planungsfehler beim Gr\u00fcnst\u00fcckskauf ins Feld gef\u00fchrt und da\u00df bereits 8 Anwesen mit Kl\u00e4ranlagen betrieben w\u00fcrden. Ein Verbundsystem w\u00fcrde noch effektiver arbeiten.<\/p>\n<p>Die Bef\u00fcrworter sehen sich im Recht, da der Proze\u00df demokratisch abgestimmt wurde und zahlreiche Instanzen, den Weg f\u00fcr gut befunden h\u00e4tten, denn bereits 1995 und 2005 hat man entsprechende Beschl\u00fcsse im Marktrat get\u00e4tigt.<\/p>\n<p>Aus Sicht eines zugezogenen B\u00fcrgers mutet dies doch recht eigenwillig an, denn offensichtlich ist der demokratische Proze\u00df abgeschlossen worden. Dabei wird nat\u00fcrlich allgemein davon ausgegangen, da\u00df im Zuge dieses Prozesses s\u00e4mtliche Sachargumente vorgebracht und diskutiert worden sind. Es ist klar, da\u00df ein demokratisches Urteil nicht die Zustimmung aller Beteiligten findet.<\/p>\n<p>Die vorgebrachten Argumente k\u00f6nnen von der B\u00fcrgerschaft nur schwer so kurz vor der Wahl gepr\u00fcft werden, um sich einen \u00dcberblick zu verschaffen, so da\u00df zu hoffen ist, da\u00df die Entscheidungen im demokratischen Proze\u00df ihre G\u00fcltigkeit bekommen.<\/p>\n<p>TAUT, H. (2015): Abwasserentsorgung Ortsteil W\u00fcstenstein IN: Mitteilungsblatt des Marktes Wiesenttal 6, 71.<\/p>\n<p>SCHWEGEL, K. \u2013 P. (2015): Schreiben zum B\u00fcrgerentscheid Abwasserentsorgung W\u00fcstenstein. IN: Mitteilungsblatt des Marktes Wiesenttal 6, 72.<\/p>\n","protected":false},"excerpt":{"rendered":"<p>Es naht der Tag der Abstimmung. Ein B\u00fcrgerentscheid soll die Querelen um die Einf\u00fchrung einer zentralen Kl\u00e4ranlage in W\u00fcstenstein beenden. Der Streit um die Abwasserl\u00f6sung im kleinen Flecken W\u00fcstenstein schwelt offensichtlich bereits seit Mitte der 90er Jahre und wurde durch zahlreiche Gutachten und Gerichtsentscheide begleitet. Die Bef\u00fcrworter argumentieren, da\u00df zum einen die F\u00f6rderung von 53,6% [&hellip;]<\/p>\n","protected":false},"author":1,"featured_media":0,"comment_status":"open","ping_status":"open","sticky":false,"template":"","format":"standard","meta":{"cwp_meta_box_check":"","cwp_rev_product_name":"","cwp_rev_product_image":"","wppr_links":[],"cwp_rev_price":"","wppr_options":[],"wppr_pros":[],"wppr_cons":[],"footnotes":""},"categories":[1],"tags":[],"class_list":["post-449","post","type-post","status-publish","format-standard","hentry","category-allgemein"],"wppr_data":[],"_links":{"self":[{"href":"https:\/\/www.ramsauer.be\/index.php?rest_route=\/wp\/v2\/posts\/449"}],"collection":[{"href":"https:\/\/www.ramsauer.be\/index.php?rest_route=\/wp\/v2\/posts"}],"about":[{"href":"https:\/\/www.ramsauer.be\/index.php?rest_route=\/wp\/v2\/types\/post"}],"author":[{"embeddable":true,"href":"https:\/\/www.ramsauer.be\/index.php?rest_route=\/wp\/v2\/users\/1"}],"replies":[{"embeddable":true,"href":"https:\/\/www.ramsauer.be\/index.php?rest_route=%2Fwp%2Fv2%2Fcomments&post=449"}],"version-history":[{"count":1,"href":"https:\/\/www.ramsauer.be\/index.php?rest_route=\/wp\/v2\/posts\/449\/revisions"}],"predecessor-version":[{"id":450,"href":"https:\/\/www.ramsauer.be\/index.php?rest_route=\/wp\/v2\/posts\/449\/revisions\/450"}],"wp:attachment":[{"href":"https:\/\/www.ramsauer.be\/index.php?rest_route=%2Fwp%2Fv2%2Fmedia&parent=449"}],"wp:term":[{"taxonomy":"category","embeddable":true,"href":"https:\/\/www.ramsauer.be\/index.php?rest_route=%2Fwp%2Fv2%2Fcategories&post=449"},{"taxonomy":"post_tag","embeddable":true,"href":"https:\/\/www.ramsauer.be\/index.php?rest_route=%2Fwp%2Fv2%2Ftags&post=449"}],"curies":[{"name":"wp","href":"https:\/\/api.w.org\/{rel}","templated":true}]}}